{"id":1742,"date":"2025-09-20T09:51:01","date_gmt":"2025-09-20T07:51:01","guid":{"rendered":"https:\/\/www.bad-endorf-evangelisch.de\/w\/?p=1742"},"modified":"2025-09-20T09:51:03","modified_gmt":"2025-09-20T07:51:03","slug":"gelungener-start-in-den-alltag-einer-evangelischen-pfarrerin","status":"publish","type":"post","link":"https:\/\/www.bad-endorf-evangelisch.de\/w\/2025\/gelungener-start-in-den-alltag-einer-evangelischen-pfarrerin\/","title":{"rendered":"Gelungener Start in den Alltag einer evangelischen Pfarrerin"},"content":{"rendered":"\n<p>Frau Solveig Umbreit tritt ihren Dienst in der Ev.- Luth. Kirchengemeinde Bad Endorf und Umgebung an.<\/p>\n\n\n\n<p>Mit der Beauftragung und der Segnung von Fr. Umbreit in einem Nachmittags-Gottesdienst am 14. September 2025 begann es: Dekanin H\u00e4fner-Becker sowie Kirchenvorsteher und Freunde segneten Fr. Pfarrerin Umbreit, damit sie ihren Dienst in der Dreieinigkeitskirche beginnen konnte.<\/p>\n\n\n\n<p>Anschlie\u00dfend w\u00fcnschten die Rednerinnen und Redner Fr. Umbreit Erfolg und eine gl\u00fcckliche Hand f\u00fcr ihre Aufgaben. Die B\u00fcrgermeister Loferer und Reithmaier, die katholischen Geistlichen, allen voran Pfr. Werner, die evangelischen Pfarrerinnen und Pfarrer der Umgebung, ehemalige und aktuelle Kirchenvorst\u00e4nde zeigten sich begeistert, dass das Pfarrhaus wieder mit Leben gef\u00fcllt ist. Fr. Umbreit vermittelte mit ihrer fr\u00f6hlichen Art und ihrer positiven Ausstrahlung den Mitfeiernden, dass sie mit Elan an ihre Arbeit gehen wird. Als Sinnbild f\u00fcr diesen Nachmittag schienen die von Pfr. Hoppe und den Priener Kirchenvorst\u00e4nden mitgebrachten Sonnenblumen. Das Grau-in-Grau ist vor\u00fcber, ab jetzt strahlt die Sonne \u00fcber der Dreieinigkeitskirche. Die ca. 2100 evangelischen Kirchenmitglieder, die verteilt auf etwa 400 Quadratkilometern leben (au\u00dfer in Bad Endorf auch in Obing, Pittenhart, Halfing, H\u00f6slwang, S\u00f6chtenau) k\u00f6nnen zu (fast) jedem Sonntagsgottesdienst die Gelegenheit ergreifen und Pfarrerin Umbreit kennen lernen.<\/p>\n\n\n\n<p><em>\u00dcbrigens: <\/em>Am 19. Oktober ist die Wahl des Kirchenvorstands. Eine Woche vorher, am 12. Oktober, stellen sich die Kandidierenden beim Kirchenkaffee im Gemeindesaal, Martin-Luther-Str. 11 in Bad Endorf pers\u00f6nlich vor. Die Wahlbenachrichtigung wird den W\u00e4hlerinnen und W\u00e4hlern diese Tage schriftlich zugestellt. Kommen Sie, wir freuen uns auf Ihre Beteiligung und auf anregende Gespr\u00e4che.<\/p>\n","protected":false},"excerpt":{"rendered":"<p>Frau Solveig Umbreit tritt ihren Dienst in der Ev.- Luth. Kirchengemeinde Bad Endorf und Umgebung an. Mit der Beauftragung und der Segnung von Fr. Umbreit in einem Nachmittags-Gottesdienst am 14. September 2025 begann es: Dekanin H\u00e4fner-Becker sowie Kirchenvorsteher und Freunde segneten Fr. Pfarrerin Umbreit, damit sie ihren Dienst in der [&hellip;]<\/p>\n","protected":false},"author":1,"featured_media":0,"comment_status":"open","ping_status":"open","sticky":false,"template":"","format":"standard","meta":{"footnotes":""},"categories":[1],"tags":[],"class_list":["post-1742","post","type-post","status-publish","format-standard","hentry","category-aktuell"],"_links":{"self":[{"href":"https:\/\/www.bad-endorf-evangelisch.de\/w\/wp-json\/wp\/v2\/posts\/1742","targetHints":{"allow":["GET"]}}],"collection":[{"href":"https:\/\/www.bad-endorf-evangelisch.de\/w\/wp-json\/wp\/v2\/posts"}],"about":[{"href":"https:\/\/www.bad-endorf-evangelisch.de\/w\/wp-json\/wp\/v2\/types\/post"}],"author":[{"embeddable":true,"href":"https:\/\/www.bad-endorf-evangelisch.de\/w\/wp-json\/wp\/v2\/users\/1"}],"replies":[{"embeddable":true,"href":"https:\/\/www.bad-endorf-evangelisch.de\/w\/wp-json\/wp\/v2\/comments?post=1742"}],"version-history":[{"count":1,"href":"https:\/\/www.bad-endorf-evangelisch.de\/w\/wp-json\/wp\/v2\/posts\/1742\/revisions"}],"predecessor-version":[{"id":1743,"href":"https:\/\/www.bad-endorf-evangelisch.de\/w\/wp-json\/wp\/v2\/posts\/1742\/revisions\/1743"}],"wp:attachment":[{"href":"https:\/\/www.bad-endorf-evangelisch.de\/w\/wp-json\/wp\/v2\/media?parent=1742"}],"wp:term":[{"taxonomy":"category","embeddable":true,"href":"https:\/\/www.bad-endorf-evangelisch.de\/w\/wp-json\/wp\/v2\/categories?post=1742"},{"taxonomy":"post_tag","embeddable":true,"href":"https:\/\/www.bad-endorf-evangelisch.de\/w\/wp-json\/wp\/v2\/tags?post=1742"}],"curies":[{"name":"wp","href":"https:\/\/api.w.org\/{rel}","templated":true}]}}